{"id":3673,"date":"2021-08-26T09:20:10","date_gmt":"2021-08-26T07:20:10","guid":{"rendered":"https:\/\/bienenwiesn.at\/kaernten\/?p=3673"},"modified":"2021-08-26T09:24:23","modified_gmt":"2021-08-26T07:24:23","slug":"vorbereitungen-fuer-den-herbst","status":"publish","type":"post","link":"https:\/\/bienenwiesn.at\/kaernten\/blog\/2021\/08\/26\/vorbereitungen-fuer-den-herbst\/","title":{"rendered":"Vorbereitungen f\u00fcr den Herbst"},"content":{"rendered":"<h1 style=\"text-align: center;\">Die Bienenwiese wurde jetzt abgem\u00e4ht, ein paar Tage auf der Fl\u00e4che liegen gelassen damit die Blumensamen ausfallen k\u00f6nnen und anschlie\u00dfend wegger\u00e4umt.<\/h1>\n<h2 style=\"text-align: center;\">Sie kann jetzt wieder nachwachsen uns sich f\u00fcr das n\u00e4chste Bl\u00fchen vorbereiten \ud83d\ude0a<\/h2>\n<p><img loading=\"lazy\" class=\"aligncenter wp-image-3674 size-large\" src=\"https:\/\/bienenwiesn.at\/kaernten\/wp-content\/uploads\/sites\/3\/2021\/08\/BW-768x1024.jpg\" alt=\"\" width=\"768\" height=\"1024\" \/><\/p>\n<p>&nbsp;<\/p>\n","protected":false},"excerpt":{"rendered":"<p>Die Bienenwiese wurde jetzt abgem\u00e4ht, ein paar Tage auf der Fl\u00e4che liegen gelassen damit die Blumensamen ausfallen k\u00f6nnen und anschlie\u00dfend wegger\u00e4umt. Sie kann jetzt wieder nachwachsen uns sich f\u00fcr das n\u00e4chste Bl\u00fchen vorbereiten \ud83d\ude0a &nbsp;<\/p>\n","protected":false},"author":1,"featured_media":3676,"comment_status":"open","ping_status":"open","sticky":false,"template":"","format":"standard","meta":[],"categories":[868],"tags":[],"_links":{"self":[{"href":"https:\/\/bienenwiesn.at\/kaernten\/wp-json\/wp\/v2\/posts\/3673"}],"collection":[{"href":"https:\/\/bienenwiesn.at\/kaernten\/wp-json\/wp\/v2\/posts"}],"about":[{"href":"https:\/\/bienenwiesn.at\/kaernten\/wp-json\/wp\/v2\/types\/post"}],"author":[{"embeddable":true,"href":"https:\/\/bienenwiesn.at\/kaernten\/wp-json\/wp\/v2\/users\/1"}],"replies":[{"embeddable":true,"href":"https:\/\/bienenwiesn.at\/kaernten\/wp-json\/wp\/v2\/comments?post=3673"}],"version-history":[{"count":1,"href":"https:\/\/bienenwiesn.at\/kaernten\/wp-json\/wp\/v2\/posts\/3673\/revisions"}],"predecessor-version":[{"id":3675,"href":"https:\/\/bienenwiesn.at\/kaernten\/wp-json\/wp\/v2\/posts\/3673\/revisions\/3675"}],"wp:featuredmedia":[{"embeddable":true,"href":"https:\/\/bienenwiesn.at\/kaernten\/wp-json\/wp\/v2\/media\/3676"}],"wp:attachment":[{"href":"https:\/\/bienenwiesn.at\/kaernten\/wp-json\/wp\/v2\/media?parent=3673"}],"wp:term":[{"taxonomy":"category","embeddable":true,"href":"https:\/\/bienenwiesn.at\/kaernten\/wp-json\/wp\/v2\/categories?post=3673"},{"taxonomy":"post_tag","embeddable":true,"href":"https:\/\/bienenwiesn.at\/kaernten\/wp-json\/wp\/v2\/tags?post=3673"}],"curies":[{"name":"wp","href":"https:\/\/api.w.org\/{rel}","templated":true}]}}